{"id":11615,"date":"2025-08-18T09:58:14","date_gmt":"2025-08-18T07:58:14","guid":{"rendered":"https:\/\/uic.se\/?p=11615"},"modified":"2025-08-18T13:43:39","modified_gmt":"2025-08-18T11:43:39","slug":"nyteknik-and-the-33-list-national-tour-comes-to-uppsala","status":"publish","type":"post","link":"https:\/\/uic.se\/en\/nyteknik-and-the-33-list-national-tour-comes-to-uppsala\/","title":{"rendered":"NyTeknik and the 33-list National tour comes to Uppsala"},"content":{"rendered":"\n<div class=\"wp-block-group alignwide is-layout-flow wp-block-group-is-layout-flow\">\n<div class=\"wp-block-columns is-layout-flex wp-container-core-columns-is-layout-28f84493 wp-block-columns-is-layout-flex\">\n<div class=\"wp-block-column is-layout-flow wp-block-column-is-layout-flow\" style=\"flex-basis:16%\"><\/div>\n\n\n\n<div class=\"wp-block-column is-layout-flow wp-container-core-column-is-layout-1a0eff7f wp-block-column-is-layout-flow\" style=\"flex-basis:68%\">\n<p><strong><strong>The search for Sweden\u2019s next great tech company continues \u2013 and this year, NyTeknik makes one of its key stops in Uppsala during <strong>Innovation Night on September 24<\/strong>. This means that Uppsala is officially one of the selected destinations on the <strong>33-list national tour 2025<\/strong>. Innovation Night is organized by <strong>UIC, Uppsala Innovation Centre<\/strong>, together with 11 organizations from Uppsala\u2019s innovation support system.<\/strong><\/strong><\/p>\n\n\n\n<figure class=\"wp-block-image size-full\"><img loading=\"lazy\" decoding=\"async\" width=\"1024\" height=\"768\" src=\"https:\/\/uic.se\/wp-content\/uploads\/2025\/08\/Niclas_UIC-127.jpg\" alt=\"Foto: Niclas Stjernberg, vd p\u00e5 UIC\" class=\"wp-image-11612\" srcset=\"https:\/\/uic.se\/wp-content\/uploads\/2025\/08\/Niclas_UIC-127.jpg 1024w, https:\/\/uic.se\/wp-content\/uploads\/2025\/08\/Niclas_UIC-127-300x225.jpg 300w, https:\/\/uic.se\/wp-content\/uploads\/2025\/08\/Niclas_UIC-127-768x576.jpg 768w\" sizes=\"auto, (max-width: 1024px) 100vw, 1024px\" \/><figcaption class=\"wp-element-caption\">Photo: Niclas Stjernberg, CEO at UIC<\/figcaption><\/figure>\n\n\n\n<blockquote class=\"wp-block-quote is-style-plain is-layout-flow wp-block-quote-is-layout-flow\" style=\"margin-right:var(--wp--preset--spacing--70);margin-left:var(--wp--preset--spacing--70)\">\n<p class=\"has-secondary-startup-color has-text-color has-link-color has-large-font-size wp-elements-6dad62c6f7aabf23f7874f2c3c1a4304\" style=\"padding-top:var(--wp--preset--spacing--50);padding-right:var(--wp--preset--spacing--50);padding-bottom:var(--wp--preset--spacing--50);padding-left:var(--wp--preset--spacing--50)\">\u2014 <em>That Innovation Night is part of the 33-list national tour is a clear recognition of the innovation power, competence, and collaboration that exists in Uppsala. It confirms our position as one of Sweden\u2019s most dynamic innovation environments,<\/em> says Niclas Stjernberg, CEO at UIC.<\/p>\n<\/blockquote>\n\n\n\n<p>The <strong>33-list<\/strong> is NyTeknik\u2019s annual ranking of Sweden\u2019s most promising young tech companies \u2013 startups with the potential to transform their industries, and perhaps even the world. Throughout the year, NyTeknik visits Sweden\u2019s leading innovation hubs to discover groundbreaking companies \u2013 and Uppsala has now secured a spot on this prestigious tour.<\/p>\n\n\n\n<p>\u2014 Innovation Night is a direct result of Uppsala\u2019s successful collaboration model \u2013 where academia, business, the public sector, and the innovation ecosystem work closely together to support entrepreneurs. It\u2019s precisely this structure that allows ideas to gain real momentum here, and we are proud to showcase it through a joint event, says Niclas Stjernberg.<\/p>\n\n\n\n<h2 class=\"wp-block-heading\"><strong>Part of a Bigger Picture<\/strong><\/h2>\n\n\n\n<p>Uppsala is already an important hub for entrepreneurs, researchers, investors, and innovators. With Innovation Night, the region is taking another step forward, creating a national meeting ground attracting participants from across Sweden and the Nordics. During the evening, NyTeknik will be on site to meet startups \u2013 some of which may very well end up on this year\u2019s list, to be announced in December.<\/p>\n\n\n\n<p>\u2014 This is a golden opportunity for startups to build networks, gain visibility, and open doors to future investments and collaborations. Our hope is that even more people will recognize the vast opportunities in our region, continues Niclas Stjernberg.<\/p>\n\n\n\n<p>Several companies supported by UIC have over the years secured a spot on the 33-list. It is therefore only natural that Uppsala is one of this year\u2019s tour stops. On stage during Innovation Night, some of these companies will share their journeys and be interviewed live. Among them: <strong>Helios Innovations, Graphmatech, AirForestry, Magstrom, PaperShell, and Cemvision<\/strong>.<\/p>\n\n\n\n<p>\u2014 The program highlights the breadth of disruptive solutions emerging at the intersection of health, space, industry, and society. This is an event for everyone curious about Sweden\u2019s most exciting startups \u2013 to understand how innovation becomes reality and how we can all play a role in driving it forward, concludes Niclas Stjernberg.<\/p>\n\n\n\n<h2 class=\"wp-block-heading\"><strong>On the Agenda at Innovation Night 2025<\/strong><\/h2>\n\n\n\n<ul class=\"wp-block-list\">\n<li><strong>Side events \u2013 tailor your experience<\/strong><br>Choose from ten parallel activities, ranging from panel discussions, mini-hackathons, and innovation expos to sessions on financing, team-building, patent strategies, and what it takes to build a successful innovation ecosystem.<\/li>\n\n\n\n<li><strong>NyTeknik and the 33-list live on stage<\/strong><br>Meet selected entrepreneurs from NyTeknik\u2019s prestigious 33-list. They will share their startup journeys, lessons learned, and practical advice. On stage: <strong>Magstrom, Helios Innovations, and PaperShell<\/strong>.<\/li>\n\n\n\n<li><strong>Pitch Competition: Disruptor of the Year<\/strong><br>Startups from across Sweden compete live in front of an audience and jury. The winner will receive <strong>100,000 SEK<\/strong> and the title <em>Disruptor of the Year<\/em>. Applications are open for Swedish startups with bold ambitions.<\/li>\n\n\n\n<li><strong>Startup Exhibition \u2013 the future in practice<\/strong><br>Discover innovative solutions from selected startups and scaleups \u2013 from battery-powered agricultural machinery and AI-driven environmental monitoring to breakthrough cancer therapies and diagnostic tools.<\/li>\n\n\n\n<li><strong>Investor Meetings \u2013 turning meetings into opportunities<\/strong><br>VCs and business angels meet startups during an exclusive pre-event mingle. Startups also have the opportunity to book individual meetings with investors and stakeholders throughout the day.<\/li>\n\n\n\n<li><strong>Final Dinner and Award Ceremony<\/strong><br>The evening concludes with dinner, where the finalists pitch one last time \u2013 and the winner of <em>Disruptor of the Year<\/em> is chosen live by the audience. We\u2019ll also hear inspiring company stories from <strong>AirForestry<\/strong> and <strong>Cemvision<\/strong>.<\/li>\n<\/ul>\n\n\n\n<hr class=\"wp-block-separator has-alpha-channel-opacity\"\/>\n\n\n\n<p><a id=\"_msocom_1\"><\/a><\/p>\n\n\n\n<h3 class=\"wp-block-heading\"><strong>An Event for the Future<\/strong><\/h3>\n\n\n\n<p><strong>Innovation Night<\/strong> offers an afternoon and evening filled with inspiration, pitches, discussions, networking, and celebration. It\u2019s a meeting place for both new ideas and established players \u2013 and this year, a proud part of the national tour that gathers Sweden\u2019s most groundbreaking startups.<\/p>\n\n\n\n<p class=\"has-foreground-color has-text-color has-link-color wp-elements-5624f37c215defd3d8a97b48ac48f5ed\"><strong>Location:<\/strong> Central Uppsala \u2013 with main stages at Norrlands Nation and Saluhallen<br><strong>Date:<\/strong> Wednesday, September 24. Side events: 13:00 \u2013 17:30. Dinner: 18:00 \u2013 21:00<br><strong>More information and registration:<\/strong> <a href=\"https:\/\/innovationnight.se\/\"><strong>Visit InnovationNight.se <\/strong><\/a><\/p>\n\n\n\n<p>The event is organized by <strong>UIC, Uppsala Innovation Centre<\/strong>, together with Uppsala\u2019s innovation actors: Almi, Connect, Drivhuset, Uppsala University Innovation, Uppsala University Invest, SLU Holding, Stockholm Chamber of Commerce, Uppsala Municipality, Uppsala Tech, Region Uppsala, and STUNS. The event is made possible with support from our main sponsors \u2013 <strong>V\u00e4rldsklass Uppsala, Brann, and Uppsala Municipality<\/strong>.<\/p>\n\n\n\n<p class=\"has-foreground-color has-text-color has-link-color wp-elements-cd13d96acc41fd53e3ff280981acb8d2\">Read NyTekniks article (in Swedish): <a href=\"https:\/\/swedishscaleups.se\/\"><\/a><strong><a href=\"https:\/\/www.nyteknik.se\/nytt-fran-ny-teknik\/33-listan-2025-jakten-pa-sveriges-nasta-stora-startup-har-borjat\/4346041\">33-listan 2025: Jakten p\u00e5 Sveriges n\u00e4sta stora startup har b\u00f6rjat<\/a><\/strong><\/p>\n\n\n\n<div class=\"wp-block-buttons is-layout-flex wp-block-buttons-is-layout-flex\">\n<div class=\"wp-block-button button_pinkish\"><a class=\"wp-block-button__link wp-element-button\" href=\"https:\/\/uic.se\/en\/news\/\">Read all news from UIC<\/a><\/div>\n<\/div>\n<\/div>\n\n\n\n<div class=\"wp-block-column is-layout-flow wp-block-column-is-layout-flow\" style=\"flex-basis:16%\"><\/div>\n<\/div>\n<\/div>\n","protected":false},"excerpt":{"rendered":"<p>The search for Sweden\u2019s next great tech company continues \u2013 and this year, NyTeknik makes one of its key stops in Uppsala during Innovation Night [&hellip;]<\/p>\n","protected":false},"author":125,"featured_media":11613,"comment_status":"closed","ping_status":"closed","sticky":false,"template":"","format":"standard","meta":{"_acf_changed":false,"inline_featured_image":false,"_kad_blocks_custom_css":"","_kad_blocks_head_custom_js":"","_kad_blocks_body_custom_js":"","_kad_blocks_footer_custom_js":"","footnotes":""},"categories":[82],"tags":[],"class_list":["post-11615","post","type-post","status-publish","format-standard","has-post-thumbnail","hentry","category-news"],"acf":[],"mb":[],"yoast_head":"<!-- This site is optimized with the Yoast SEO plugin v27.5 - https:\/\/yoast.com\/product\/yoast-seo-wordpress\/ -->\n<title>NyTeknik and the 33-list National tour comes to Uppsala - Uppsala Innovation Centre<\/title>\n<meta name=\"robots\" content=\"index, follow, max-snippet:-1, max-image-preview:large, max-video-preview:-1\" \/>\n<link rel=\"canonical\" href=\"https:\/\/uic.se\/en\/nyteknik-and-the-33-list-national-tour-comes-to-uppsala\/\" \/>\n<meta property=\"og:locale\" content=\"en_US\" \/>\n<meta property=\"og:type\" content=\"article\" \/>\n<meta property=\"og:title\" content=\"NyTeknik and the 33-list National tour comes to Uppsala - Uppsala Innovation Centre\" \/>\n<meta property=\"og:description\" content=\"The search for Sweden\u2019s next great tech company continues \u2013 and this year, NyTeknik makes one of its key stops in Uppsala during Innovation Night [&hellip;]\" \/>\n<meta property=\"og:url\" content=\"https:\/\/uic.se\/en\/nyteknik-and-the-33-list-national-tour-comes-to-uppsala\/\" \/>\n<meta property=\"og:site_name\" content=\"Uppsala Innovation Centre\" \/>\n<meta property=\"article:published_time\" content=\"2025-08-18T07:58:14+00:00\" \/>\n<meta property=\"article:modified_time\" content=\"2025-08-18T11:43:39+00:00\" \/>\n<meta property=\"og:image\" content=\"https:\/\/uic.se\/wp-content\/uploads\/2025\/08\/Niclas_UIC-127.jpg\" \/>\n\t<meta property=\"og:image:width\" content=\"1024\" \/>\n\t<meta property=\"og:image:height\" content=\"768\" \/>\n\t<meta property=\"og:image:type\" content=\"image\/jpeg\" \/>\n<meta name=\"author\" content=\"Vedrana Vilda Ilic\" \/>\n<meta name=\"twitter:card\" content=\"summary_large_image\" \/>\n<meta name=\"twitter:label1\" content=\"Written by\" \/>\n\t<meta name=\"twitter:data1\" content=\"Vedrana Vilda Ilic\" \/>\n\t<meta name=\"twitter:label2\" content=\"Est. reading time\" \/>\n\t<meta name=\"twitter:data2\" content=\"5 minutes\" \/>\n<script type=\"application\/ld+json\" class=\"yoast-schema-graph\">{\"@context\":\"https:\\\/\\\/schema.org\",\"@graph\":[{\"@type\":\"Article\",\"@id\":\"https:\\\/\\\/uic.se\\\/en\\\/nyteknik-and-the-33-list-national-tour-comes-to-uppsala\\\/#article\",\"isPartOf\":{\"@id\":\"https:\\\/\\\/uic.se\\\/en\\\/nyteknik-and-the-33-list-national-tour-comes-to-uppsala\\\/\"},\"author\":{\"name\":\"Vedrana Vilda Ilic\",\"@id\":\"https:\\\/\\\/uic.se\\\/#\\\/schema\\\/person\\\/42d6ac3d6729f1bc6f7ca2e340752241\"},\"headline\":\"NyTeknik and the 33-list National tour comes to Uppsala\",\"datePublished\":\"2025-08-18T07:58:14+00:00\",\"dateModified\":\"2025-08-18T11:43:39+00:00\",\"mainEntityOfPage\":{\"@id\":\"https:\\\/\\\/uic.se\\\/en\\\/nyteknik-and-the-33-list-national-tour-comes-to-uppsala\\\/\"},\"wordCount\":812,\"publisher\":{\"@id\":\"https:\\\/\\\/uic.se\\\/#organization\"},\"image\":{\"@id\":\"https:\\\/\\\/uic.se\\\/en\\\/nyteknik-and-the-33-list-national-tour-comes-to-uppsala\\\/#primaryimage\"},\"thumbnailUrl\":\"https:\\\/\\\/uic.se\\\/wp-content\\\/uploads\\\/2025\\\/08\\\/Niclas_UIC-127.jpg\",\"articleSection\":[\"News\"],\"inLanguage\":\"en-US\"},{\"@type\":\"WebPage\",\"@id\":\"https:\\\/\\\/uic.se\\\/en\\\/nyteknik-and-the-33-list-national-tour-comes-to-uppsala\\\/\",\"url\":\"https:\\\/\\\/uic.se\\\/en\\\/nyteknik-and-the-33-list-national-tour-comes-to-uppsala\\\/\",\"name\":\"NyTeknik and the 33-list National tour comes to Uppsala - Uppsala Innovation Centre\",\"isPartOf\":{\"@id\":\"https:\\\/\\\/uic.se\\\/#website\"},\"primaryImageOfPage\":{\"@id\":\"https:\\\/\\\/uic.se\\\/en\\\/nyteknik-and-the-33-list-national-tour-comes-to-uppsala\\\/#primaryimage\"},\"image\":{\"@id\":\"https:\\\/\\\/uic.se\\\/en\\\/nyteknik-and-the-33-list-national-tour-comes-to-uppsala\\\/#primaryimage\"},\"thumbnailUrl\":\"https:\\\/\\\/uic.se\\\/wp-content\\\/uploads\\\/2025\\\/08\\\/Niclas_UIC-127.jpg\",\"datePublished\":\"2025-08-18T07:58:14+00:00\",\"dateModified\":\"2025-08-18T11:43:39+00:00\",\"breadcrumb\":{\"@id\":\"https:\\\/\\\/uic.se\\\/en\\\/nyteknik-and-the-33-list-national-tour-comes-to-uppsala\\\/#breadcrumb\"},\"inLanguage\":\"en-US\",\"potentialAction\":[{\"@type\":\"ReadAction\",\"target\":[\"https:\\\/\\\/uic.se\\\/en\\\/nyteknik-and-the-33-list-national-tour-comes-to-uppsala\\\/\"]}]},{\"@type\":\"ImageObject\",\"inLanguage\":\"en-US\",\"@id\":\"https:\\\/\\\/uic.se\\\/en\\\/nyteknik-and-the-33-list-national-tour-comes-to-uppsala\\\/#primaryimage\",\"url\":\"https:\\\/\\\/uic.se\\\/wp-content\\\/uploads\\\/2025\\\/08\\\/Niclas_UIC-127.jpg\",\"contentUrl\":\"https:\\\/\\\/uic.se\\\/wp-content\\\/uploads\\\/2025\\\/08\\\/Niclas_UIC-127.jpg\",\"width\":1024,\"height\":768,\"caption\":\"Foto: Niclas Stjernberg, vd p\u00e5 UIC\"},{\"@type\":\"BreadcrumbList\",\"@id\":\"https:\\\/\\\/uic.se\\\/en\\\/nyteknik-and-the-33-list-national-tour-comes-to-uppsala\\\/#breadcrumb\",\"itemListElement\":[{\"@type\":\"ListItem\",\"position\":1,\"name\":\"Home\",\"item\":\"https:\\\/\\\/uic.se\\\/en\\\/\"},{\"@type\":\"ListItem\",\"position\":2,\"name\":\"News\",\"item\":\"https:\\\/\\\/uic.se\\\/category\\\/news\\\/\"},{\"@type\":\"ListItem\",\"position\":3,\"name\":\"NyTeknik and the 33-list National tour comes to Uppsala\"}]},{\"@type\":\"WebSite\",\"@id\":\"https:\\\/\\\/uic.se\\\/#website\",\"url\":\"https:\\\/\\\/uic.se\\\/\",\"name\":\"Uppsala Innovation Centre\",\"description\":\"\",\"publisher\":{\"@id\":\"https:\\\/\\\/uic.se\\\/#organization\"},\"potentialAction\":[{\"@type\":\"SearchAction\",\"target\":{\"@type\":\"EntryPoint\",\"urlTemplate\":\"https:\\\/\\\/uic.se\\\/?s={search_term_string}\"},\"query-input\":{\"@type\":\"PropertyValueSpecification\",\"valueRequired\":true,\"valueName\":\"search_term_string\"}}],\"inLanguage\":\"en-US\"},{\"@type\":\"Organization\",\"@id\":\"https:\\\/\\\/uic.se\\\/#organization\",\"name\":\"Uppsala Innovation Centre\",\"alternateName\":\"UIC\",\"url\":\"https:\\\/\\\/uic.se\\\/\",\"logo\":{\"@type\":\"ImageObject\",\"inLanguage\":\"en-US\",\"@id\":\"https:\\\/\\\/uic.se\\\/#\\\/schema\\\/logo\\\/image\\\/\",\"url\":\"https:\\\/\\\/uic.se\\\/wp-content\\\/uploads\\\/2024\\\/11\\\/UIC_logo_vertical_white.png\",\"contentUrl\":\"https:\\\/\\\/uic.se\\\/wp-content\\\/uploads\\\/2024\\\/11\\\/UIC_logo_vertical_white.png\",\"width\":1436,\"height\":800,\"caption\":\"Uppsala Innovation Centre\"},\"image\":{\"@id\":\"https:\\\/\\\/uic.se\\\/#\\\/schema\\\/logo\\\/image\\\/\"}},{\"@type\":\"Person\",\"@id\":\"https:\\\/\\\/uic.se\\\/#\\\/schema\\\/person\\\/42d6ac3d6729f1bc6f7ca2e340752241\",\"name\":\"Vedrana Vilda Ilic\",\"image\":{\"@type\":\"ImageObject\",\"inLanguage\":\"en-US\",\"@id\":\"https:\\\/\\\/secure.gravatar.com\\\/avatar\\\/3694d4d2ef76f6607b17953f549901a33ad09ce4559f73c15f8d9c4a949b257a?s=96&d=mm&r=g\",\"url\":\"https:\\\/\\\/secure.gravatar.com\\\/avatar\\\/3694d4d2ef76f6607b17953f549901a33ad09ce4559f73c15f8d9c4a949b257a?s=96&d=mm&r=g\",\"contentUrl\":\"https:\\\/\\\/secure.gravatar.com\\\/avatar\\\/3694d4d2ef76f6607b17953f549901a33ad09ce4559f73c15f8d9c4a949b257a?s=96&d=mm&r=g\",\"caption\":\"Vedrana Vilda Ilic\"}}]}<\/script>\n<!-- \/ Yoast SEO plugin. -->","yoast_head_json":{"title":"NyTeknik and the 33-list National tour comes to Uppsala - Uppsala Innovation Centre","robots":{"index":"index","follow":"follow","max-snippet":"max-snippet:-1","max-image-preview":"max-image-preview:large","max-video-preview":"max-video-preview:-1"},"canonical":"https:\/\/uic.se\/en\/nyteknik-and-the-33-list-national-tour-comes-to-uppsala\/","og_locale":"en_US","og_type":"article","og_title":"NyTeknik and the 33-list National tour comes to Uppsala - Uppsala Innovation Centre","og_description":"The search for Sweden\u2019s next great tech company continues \u2013 and this year, NyTeknik makes one of its key stops in Uppsala during Innovation Night [&hellip;]","og_url":"https:\/\/uic.se\/en\/nyteknik-and-the-33-list-national-tour-comes-to-uppsala\/","og_site_name":"Uppsala Innovation Centre","article_published_time":"2025-08-18T07:58:14+00:00","article_modified_time":"2025-08-18T11:43:39+00:00","og_image":[{"width":1024,"height":768,"url":"https:\/\/uic.se\/wp-content\/uploads\/2025\/08\/Niclas_UIC-127.jpg","type":"image\/jpeg"}],"author":"Vedrana Vilda Ilic","twitter_card":"summary_large_image","twitter_misc":{"Written by":"Vedrana Vilda Ilic","Est. reading time":"5 minutes"},"schema":{"@context":"https:\/\/schema.org","@graph":[{"@type":"Article","@id":"https:\/\/uic.se\/en\/nyteknik-and-the-33-list-national-tour-comes-to-uppsala\/#article","isPartOf":{"@id":"https:\/\/uic.se\/en\/nyteknik-and-the-33-list-national-tour-comes-to-uppsala\/"},"author":{"name":"Vedrana Vilda Ilic","@id":"https:\/\/uic.se\/#\/schema\/person\/42d6ac3d6729f1bc6f7ca2e340752241"},"headline":"NyTeknik and the 33-list National tour comes to Uppsala","datePublished":"2025-08-18T07:58:14+00:00","dateModified":"2025-08-18T11:43:39+00:00","mainEntityOfPage":{"@id":"https:\/\/uic.se\/en\/nyteknik-and-the-33-list-national-tour-comes-to-uppsala\/"},"wordCount":812,"publisher":{"@id":"https:\/\/uic.se\/#organization"},"image":{"@id":"https:\/\/uic.se\/en\/nyteknik-and-the-33-list-national-tour-comes-to-uppsala\/#primaryimage"},"thumbnailUrl":"https:\/\/uic.se\/wp-content\/uploads\/2025\/08\/Niclas_UIC-127.jpg","articleSection":["News"],"inLanguage":"en-US"},{"@type":"WebPage","@id":"https:\/\/uic.se\/en\/nyteknik-and-the-33-list-national-tour-comes-to-uppsala\/","url":"https:\/\/uic.se\/en\/nyteknik-and-the-33-list-national-tour-comes-to-uppsala\/","name":"NyTeknik and the 33-list National tour comes to Uppsala - Uppsala Innovation Centre","isPartOf":{"@id":"https:\/\/uic.se\/#website"},"primaryImageOfPage":{"@id":"https:\/\/uic.se\/en\/nyteknik-and-the-33-list-national-tour-comes-to-uppsala\/#primaryimage"},"image":{"@id":"https:\/\/uic.se\/en\/nyteknik-and-the-33-list-national-tour-comes-to-uppsala\/#primaryimage"},"thumbnailUrl":"https:\/\/uic.se\/wp-content\/uploads\/2025\/08\/Niclas_UIC-127.jpg","datePublished":"2025-08-18T07:58:14+00:00","dateModified":"2025-08-18T11:43:39+00:00","breadcrumb":{"@id":"https:\/\/uic.se\/en\/nyteknik-and-the-33-list-national-tour-comes-to-uppsala\/#breadcrumb"},"inLanguage":"en-US","potentialAction":[{"@type":"ReadAction","target":["https:\/\/uic.se\/en\/nyteknik-and-the-33-list-national-tour-comes-to-uppsala\/"]}]},{"@type":"ImageObject","inLanguage":"en-US","@id":"https:\/\/uic.se\/en\/nyteknik-and-the-33-list-national-tour-comes-to-uppsala\/#primaryimage","url":"https:\/\/uic.se\/wp-content\/uploads\/2025\/08\/Niclas_UIC-127.jpg","contentUrl":"https:\/\/uic.se\/wp-content\/uploads\/2025\/08\/Niclas_UIC-127.jpg","width":1024,"height":768,"caption":"Foto: Niclas Stjernberg, vd p\u00e5 UIC"},{"@type":"BreadcrumbList","@id":"https:\/\/uic.se\/en\/nyteknik-and-the-33-list-national-tour-comes-to-uppsala\/#breadcrumb","itemListElement":[{"@type":"ListItem","position":1,"name":"Home","item":"https:\/\/uic.se\/en\/"},{"@type":"ListItem","position":2,"name":"News","item":"https:\/\/uic.se\/category\/news\/"},{"@type":"ListItem","position":3,"name":"NyTeknik and the 33-list National tour comes to Uppsala"}]},{"@type":"WebSite","@id":"https:\/\/uic.se\/#website","url":"https:\/\/uic.se\/","name":"Uppsala Innovation Centre","description":"","publisher":{"@id":"https:\/\/uic.se\/#organization"},"potentialAction":[{"@type":"SearchAction","target":{"@type":"EntryPoint","urlTemplate":"https:\/\/uic.se\/?s={search_term_string}"},"query-input":{"@type":"PropertyValueSpecification","valueRequired":true,"valueName":"search_term_string"}}],"inLanguage":"en-US"},{"@type":"Organization","@id":"https:\/\/uic.se\/#organization","name":"Uppsala Innovation Centre","alternateName":"UIC","url":"https:\/\/uic.se\/","logo":{"@type":"ImageObject","inLanguage":"en-US","@id":"https:\/\/uic.se\/#\/schema\/logo\/image\/","url":"https:\/\/uic.se\/wp-content\/uploads\/2024\/11\/UIC_logo_vertical_white.png","contentUrl":"https:\/\/uic.se\/wp-content\/uploads\/2024\/11\/UIC_logo_vertical_white.png","width":1436,"height":800,"caption":"Uppsala Innovation Centre"},"image":{"@id":"https:\/\/uic.se\/#\/schema\/logo\/image\/"}},{"@type":"Person","@id":"https:\/\/uic.se\/#\/schema\/person\/42d6ac3d6729f1bc6f7ca2e340752241","name":"Vedrana Vilda Ilic","image":{"@type":"ImageObject","inLanguage":"en-US","@id":"https:\/\/secure.gravatar.com\/avatar\/3694d4d2ef76f6607b17953f549901a33ad09ce4559f73c15f8d9c4a949b257a?s=96&d=mm&r=g","url":"https:\/\/secure.gravatar.com\/avatar\/3694d4d2ef76f6607b17953f549901a33ad09ce4559f73c15f8d9c4a949b257a?s=96&d=mm&r=g","contentUrl":"https:\/\/secure.gravatar.com\/avatar\/3694d4d2ef76f6607b17953f549901a33ad09ce4559f73c15f8d9c4a949b257a?s=96&d=mm&r=g","caption":"Vedrana Vilda Ilic"}}]}},"taxonomy_info":{"category":[{"value":82,"label":"News"}]},"featured_image_src_large":["https:\/\/uic.se\/wp-content\/uploads\/2025\/08\/Niclas_UIC-127.jpg",1024,768,false],"author_info":{"display_name":"Vedrana Vilda Ilic","author_link":"https:\/\/uic.se\/en\/author\/vedrana-ilicuic-se\/"},"comment_info":0,"category_info":[{"term_id":82,"name":"News","slug":"news","term_group":0,"term_taxonomy_id":82,"taxonomy":"category","description":"","parent":0,"count":60,"filter":"raw","cat_ID":82,"category_count":60,"category_description":"","cat_name":"News","category_nicename":"news","category_parent":0}],"tag_info":false,"mfb_rest_fields":["title","yoast_head","yoast_head_json","taxonomy_info","featured_image_src_large","author_info","comment_info","category_info","tag_info"],"_links":{"self":[{"href":"https:\/\/uic.se\/en\/wp-json\/wp\/v2\/posts\/11615","targetHints":{"allow":["GET"]}}],"collection":[{"href":"https:\/\/uic.se\/en\/wp-json\/wp\/v2\/posts"}],"about":[{"href":"https:\/\/uic.se\/en\/wp-json\/wp\/v2\/types\/post"}],"author":[{"embeddable":true,"href":"https:\/\/uic.se\/en\/wp-json\/wp\/v2\/users\/125"}],"replies":[{"embeddable":true,"href":"https:\/\/uic.se\/en\/wp-json\/wp\/v2\/comments?post=11615"}],"version-history":[{"count":1,"href":"https:\/\/uic.se\/en\/wp-json\/wp\/v2\/posts\/11615\/revisions"}],"predecessor-version":[{"id":11616,"href":"https:\/\/uic.se\/en\/wp-json\/wp\/v2\/posts\/11615\/revisions\/11616"}],"wp:featuredmedia":[{"embeddable":true,"href":"https:\/\/uic.se\/en\/wp-json\/wp\/v2\/media\/11613"}],"wp:attachment":[{"href":"https:\/\/uic.se\/en\/wp-json\/wp\/v2\/media?parent=11615"}],"wp:term":[{"taxonomy":"category","embeddable":true,"href":"https:\/\/uic.se\/en\/wp-json\/wp\/v2\/categories?post=11615"},{"taxonomy":"post_tag","embeddable":true,"href":"https:\/\/uic.se\/en\/wp-json\/wp\/v2\/tags?post=11615"}],"curies":[{"name":"wp","href":"https:\/\/api.w.org\/{rel}","templated":true}]}}